{"id":78,"date":"2013-03-11T14:27:19","date_gmt":"2013-03-11T14:27:19","guid":{"rendered":"http:\/\/communication-caritashaiti.org\/?p=78"},"modified":"2013-03-11T14:32:07","modified_gmt":"2013-03-11T14:32:07","slug":"une-immersion-a-la-grotte-bellony","status":"publish","type":"post","link":"https:\/\/communication-caritashaiti.org\/?p=78","title":{"rendered":"Une immersion \u00e0 la grotte Bellony"},"content":{"rendered":"<p><a href=\"http:\/\/communication-caritashaiti.org\/wp-content\/uploads\/2013\/03\/grotte2.jpg\"><img loading=\"lazy\" decoding=\"async\" class=\"alignright size-medium wp-image-83\" title=\"grotte\" src=\"http:\/\/communication-caritashaiti.org\/wp-content\/uploads\/2013\/03\/grotte2-300x157.jpg\" alt=\"\" width=\"300\" height=\"157\" srcset=\"https:\/\/communication-caritashaiti.org\/wp-content\/uploads\/2013\/03\/grotte2-300x157.jpg 300w, https:\/\/communication-caritashaiti.org\/wp-content\/uploads\/2013\/03\/grotte2-1024x537.jpg 1024w, https:\/\/communication-caritashaiti.org\/wp-content\/uploads\/2013\/03\/grotte2.jpg 1777w\" sizes=\"auto, (max-width: 300px) 100vw, 300px\" \/><\/a>Une soixantaine d&rsquo;agents pastoraux de Caritas Ha\u00efti participant \u00e0 la 28\u00e8me Assembl\u00e9e G\u00e9n\u00e9rale de l&rsquo;institution ont visit\u00e9 le mercredi 11 octobre 2012 la grotte Bellony, sise au sommet d&rsquo;une cha\u00eene de montagne de la Grand&rsquo;Anse. Arriv\u00e9s \u00e9reint\u00e9s apr\u00e8s deux heures de route en v\u00e9hicule tout-terrain, chacun \u00e0 son rythme puise dans ce qui lui reste d&rsquo;\u00e9nergie pour escalader la montagne et ainsi d\u00e9couvrir le petit joyau situ\u00e9 \u00e0 moins d&rsquo;une heure du port idyllique de Pestel.<\/p>\n<p>D\u00e9couverte en 2009, la cavit\u00e9 de la grotte Bellony est encore pr\u00e9serv\u00e9e des d\u00e9gradations. Une grille verrouill\u00e9e dont le guide d\u00e9tient les cl\u00e9s prot\u00e8ge l&rsquo;acc\u00e8s \u00e0 la plus belle salle o\u00f9 un chemin a \u00e9t\u00e9 balis\u00e9 \u00e0 l&rsquo;int\u00e9rieur pour canaliser les visiteurs. Cette visite rentre dans le cadre de la promotion des sites touristiques du pays par les agents pastoraux de Caritas Ha\u00efti.<\/p>\n","protected":false},"excerpt":{"rendered":"<p>Une soixantaine d&rsquo;agents pastoraux de Caritas Ha\u00efti participant \u00e0 la 28\u00e8me Assembl\u00e9e G\u00e9n\u00e9rale de l&rsquo;institution ont visit\u00e9 le mercredi 11 octobre 2012 la grotte Bellony, sise au sommet d&rsquo;une cha\u00eene de montagne de la Grand&rsquo;Anse. Arriv\u00e9s \u00e9reint\u00e9s apr\u00e8s deux heures de route en v\u00e9hicule tout-terrain, chacun \u00e0 son rythme puise dans ce qui lui reste [&hellip;]<\/p>\n","protected":false},"author":1,"featured_media":0,"comment_status":"open","ping_status":"open","sticky":false,"template":"","format":"standard","meta":{"footnotes":""},"categories":[7],"tags":[],"class_list":["post-78","post","type-post","status-publish","format-standard","hentry","category-articleselectiones"],"_links":{"self":[{"href":"https:\/\/communication-caritashaiti.org\/index.php?rest_route=\/wp\/v2\/posts\/78","targetHints":{"allow":["GET"]}}],"collection":[{"href":"https:\/\/communication-caritashaiti.org\/index.php?rest_route=\/wp\/v2\/posts"}],"about":[{"href":"https:\/\/communication-caritashaiti.org\/index.php?rest_route=\/wp\/v2\/types\/post"}],"author":[{"embeddable":true,"href":"https:\/\/communication-caritashaiti.org\/index.php?rest_route=\/wp\/v2\/users\/1"}],"replies":[{"embeddable":true,"href":"https:\/\/communication-caritashaiti.org\/index.php?rest_route=%2Fwp%2Fv2%2Fcomments&post=78"}],"version-history":[{"count":3,"href":"https:\/\/communication-caritashaiti.org\/index.php?rest_route=\/wp\/v2\/posts\/78\/revisions"}],"predecessor-version":[{"id":82,"href":"https:\/\/communication-caritashaiti.org\/index.php?rest_route=\/wp\/v2\/posts\/78\/revisions\/82"}],"wp:attachment":[{"href":"https:\/\/communication-caritashaiti.org\/index.php?rest_route=%2Fwp%2Fv2%2Fmedia&parent=78"}],"wp:term":[{"taxonomy":"category","embeddable":true,"href":"https:\/\/communication-caritashaiti.org\/index.php?rest_route=%2Fwp%2Fv2%2Fcategories&post=78"},{"taxonomy":"post_tag","embeddable":true,"href":"https:\/\/communication-caritashaiti.org\/index.php?rest_route=%2Fwp%2Fv2%2Ftags&post=78"}],"curies":[{"name":"wp","href":"https:\/\/api.w.org\/{rel}","templated":true}]}}