{"id":27,"date":"2013-03-08T17:53:53","date_gmt":"2013-03-08T17:53:53","guid":{"rendered":"http:\/\/communication-caritashaiti.org\/?p=27"},"modified":"2013-03-08T17:53:53","modified_gmt":"2013-03-08T17:53:53","slug":"caritas-haiti-devoile-son-plan-quinquenal","status":"publish","type":"post","link":"https:\/\/communication-caritashaiti.org\/?p=27","title":{"rendered":"Caritas Haiti d\u00e9voile son Plan Quinquenal"},"content":{"rendered":"<p><strong>A Montana, l&rsquo;un des symboles de la destruction brutale de Port-au-Prince et d&rsquo;autres villes ha\u00eftiennes par le meurtrier s\u00e9isme de janvier 2010, Caritas Ha\u00efti a d\u00e9voil\u00e9, dans la matin\u00e9e du mercredi 3 octobre 2012, sa nouvelle feuille de route. \u00c9labor\u00e9 dans un contexte post-s\u00e9isme, ce plan quinquennal sera op\u00e9rationnalis\u00e9 dans ses Directions dioc\u00e9saines pr\u00e9sentes dans chacun des dix d\u00e9partements g\u00e9ographiques d&rsquo;Ha\u00efti.<\/strong><\/p>\n<p>A l&rsquo;entr\u00e9e d&rsquo;une b\u00e2tisse blanche de l&rsquo;h\u00f4tel Montana, juch\u00e9 sur l&rsquo;une des nombreuses collines surplombant Port-au-Prince, des h\u00f4tesses offrent aux arrivants le livret rouge frapp\u00e9 du logo de Caritas Ha\u00efti. C&rsquo;est dans ce document bien illustr\u00e9 que l&rsquo;Institution d\u00e9finit son plan quinquennal (2012-2017). A l&rsquo;int\u00e9rieur de la salle am\u00e9nag\u00e9e pour la circonstance, le pr\u00e9sident de la Conf\u00e9rence \u00e9piscopale d&rsquo;Ha\u00efti, Mgr Chibly Langlois ; des membres du corps diplomatique, du secteur humanitaire et du gouvernement, dont le ministre des Ha\u00eftiens vivant \u00e0 l&rsquo;\u00e9tranger, M. Daniel Supplice; le directeur g\u00e9n\u00e9ral de Caritas Ha\u00efti, P\u00e8re Serge B. Chadic, les cadres de Caritas Ha\u00efti et de nombreuses personnalit\u00e9s du monde religieux, politique et humanitaire se recueillent \u00e0 la m\u00e9moire des victimes du s\u00e9isme du 12 janvier 2010, sur demande du pr\u00e9sident de Caritas Ha\u00efti, Mgr\u00a0 P.\u00a0 A. Dumas.<\/p>\n<p>Dans son effort d&rsquo;am\u00e9liorer depuis trente-cinq ans les conditions d&rsquo;existence de nombreuses familles, Caritas Ha\u00efti a convenu de placer son nouveau plan quinquennal dans le contexte post-s\u00e9isme de la moiti\u00e9-\u00eele souvent frapp\u00e9e par le malheur. \u00ab Engageons-nous avec Caritas Ha\u00efti pour la reconstruction de notre pays \u00bb, s&rsquo;exclame le P\u00e8re Herv\u00e9 Jean-Fran\u00e7ois, pr\u00e9sentant \u00e0 l&rsquo;assistance le contexte et les d\u00e9fis institutionnels!<\/p>\n<p>PROXIMIT\u00c9 PASTORALE \u00c0 LA POPULATION<\/p>\n<p>\u00ab C&rsquo;est un grand plaisir pour Caritas Ha\u00efti de vous pr\u00e9senter sa vision et sa participation concr\u00e8te et active au projet, pas toujours mis en forme de reconstruction du pays \u00bb, a lanc\u00e9, pour sa part, Mgr Dumas. L&rsquo;\u00c9glise qui est solidaire des souffrances et des joies de tous et de chacun, poursuit le pr\u00e9lat, saisit cette occasion pour exprimer sa proximit\u00e9 pastorale \u00e0 l&rsquo;ensemble de la population, sp\u00e9cialement aux p\u00e8res et m\u00e8res de famille qui font face \u00e0 des difficult\u00e9s majeures pour envoyer leurs enfants \u00e0 l&rsquo;\u00e9cole.<\/p>\n<p>La croissance d\u00e9mographique soutenue, la corruption, la crise financi\u00e8re mondiale, la d\u00e9pendance d&rsquo;Ha\u00efti vis-\u00e0-vis de l&rsquo;aide internationale, la d\u00e9gradation de l&rsquo;environnement et les catastrophes naturelles figurent parmi les menaces auxquelles Caritas Ha\u00efti veut \u00eatre d&rsquo;avantage attentive dans les cinq prochaines ann\u00e9es.<\/p>\n<p>La directrice des Op\u00e9rations de Caritas Ha\u00efti, Fausta Jean-Maurice Baptiste qui pr\u00e9sentait le nouveau plan, a annonc\u00e9 des moyens suppl\u00e9mentaires pour am\u00e9liorer cette nouvelle offre de service. Ces orientations, dit-elle, passent par le d\u00e9veloppement d&rsquo;alliances strat\u00e9giques avec les acteurs sur le terrain afin de mieux agir sur les causes de la pauvret\u00e9, de l&rsquo;in\u00e9galit\u00e9 et de l&rsquo;exclusion, la r\u00e9ponse aux situations d&rsquo;urgence en collaboration avec tous les acteurs.<\/p>\n<p>Consciente de ses faiblesses, Caritas Ha\u00efti a d&rsquo;abord fait un diagnostic institutionnel complet afin de pouvoir am\u00e9liorer ses performances, transformer ses faiblesses en opportunit\u00e9s et mettre ses points forts au service des communaut\u00e9s. Madame Maurice a \u00e9galement pr\u00e9cis\u00e9 que ce plan prend en compte les cinq orientations strat\u00e9giques de l&rsquo;institution dont le d\u00e9veloppement de partenariat au niveau local et international pour la r\u00e9duction de la pauvret\u00e9, le plaidoyer, le renforcement institutionnel, etc.<\/p>\n<p>APPEL \u00c0 LA COOP\u00c9RATION<\/p>\n<p>L&rsquo;\u00c9tat ha\u00eftien, les ONG, les agences et organisations internationales, les membres du R\u00e9seau Caritas Internationalis seront les principaux partenaires dans l&rsquo;impl\u00e9mentation de ce plan strat\u00e9gique. A ces partenaires et \u00e0 d&rsquo;autres structures nationales et internationales dont les repr\u00e9sentations diplomatiques, le Parlement ha\u00eftien et le secteur priv\u00e9 des affaires, le directeur g\u00e9n\u00e9ral de Caritas Ha\u00efti, P\u00e8re Serge B. Chadic, a lanc\u00e9 un appel \u00e0 la coop\u00e9ration et \u00e0 la solidarit\u00e9. L&rsquo;organisation qui refl\u00e8te la vision globale de l&rsquo;\u00c9glise catholique, est pr\u00eate \u00e0 cr\u00e9er de fructueux partenariats qui aboutiront \u00e0 la promotion et \u00e0 l&rsquo;organisation d&rsquo;actions concr\u00e8tes pour la construction d&rsquo;une soci\u00e9t\u00e9 plus juste et plus solidaire, d&rsquo;un monde sans exclusion, a fait savoir le P\u00e8re Chadic.<\/p>\n<p>Le directeur g\u00e9n\u00e9ral a tenu, au cours de son intervention, \u00e0 remercier toutes les institutions\u00a0 et organisations qui ont support\u00e9 pendant pr\u00e8s de\u00a0 quatre d\u00e9cennies les actions de Caritas Ha\u00efti. \u00ab Nous savons qu&rsquo;avec vous nous serons mieux arm\u00e9s chaque jour d&rsquo;avantage pour surmonter nos faiblesses et devenir encore plus performants \u00bb, a lanc\u00e9 le p\u00e8re Chadic, l&rsquo;air confiant.<\/p>\n","protected":false},"excerpt":{"rendered":"<p>A Montana, l&rsquo;un des symboles de la destruction brutale de Port-au-Prince et d&rsquo;autres villes ha\u00eftiennes par le meurtrier s\u00e9isme de janvier 2010, Caritas Ha\u00efti a d\u00e9voil\u00e9, dans la matin\u00e9e du mercredi 3 octobre 2012, sa nouvelle feuille de route. \u00c9labor\u00e9 dans un contexte post-s\u00e9isme, ce plan quinquennal sera op\u00e9rationnalis\u00e9 dans ses Directions dioc\u00e9saines pr\u00e9sentes dans [&hellip;]<\/p>\n","protected":false},"author":1,"featured_media":0,"comment_status":"open","ping_status":"open","sticky":false,"template":"","format":"standard","meta":{"footnotes":""},"categories":[4],"tags":[],"class_list":["post-27","post","type-post","status-publish","format-standard","hentry","category-evenement"],"_links":{"self":[{"href":"https:\/\/communication-caritashaiti.org\/index.php?rest_route=\/wp\/v2\/posts\/27","targetHints":{"allow":["GET"]}}],"collection":[{"href":"https:\/\/communication-caritashaiti.org\/index.php?rest_route=\/wp\/v2\/posts"}],"about":[{"href":"https:\/\/communication-caritashaiti.org\/index.php?rest_route=\/wp\/v2\/types\/post"}],"author":[{"embeddable":true,"href":"https:\/\/communication-caritashaiti.org\/index.php?rest_route=\/wp\/v2\/users\/1"}],"replies":[{"embeddable":true,"href":"https:\/\/communication-caritashaiti.org\/index.php?rest_route=%2Fwp%2Fv2%2Fcomments&post=27"}],"version-history":[{"count":1,"href":"https:\/\/communication-caritashaiti.org\/index.php?rest_route=\/wp\/v2\/posts\/27\/revisions"}],"predecessor-version":[{"id":28,"href":"https:\/\/communication-caritashaiti.org\/index.php?rest_route=\/wp\/v2\/posts\/27\/revisions\/28"}],"wp:attachment":[{"href":"https:\/\/communication-caritashaiti.org\/index.php?rest_route=%2Fwp%2Fv2%2Fmedia&parent=27"}],"wp:term":[{"taxonomy":"category","embeddable":true,"href":"https:\/\/communication-caritashaiti.org\/index.php?rest_route=%2Fwp%2Fv2%2Fcategories&post=27"},{"taxonomy":"post_tag","embeddable":true,"href":"https:\/\/communication-caritashaiti.org\/index.php?rest_route=%2Fwp%2Fv2%2Ftags&post=27"}],"curies":[{"name":"wp","href":"https:\/\/api.w.org\/{rel}","templated":true}]}}