{"id":201,"date":"2016-10-10T20:40:13","date_gmt":"2016-10-10T20:40:13","guid":{"rendered":"http:\/\/communication-caritashaiti.org\/?p=201"},"modified":"2016-10-11T20:32:38","modified_gmt":"2016-10-11T20:32:38","slug":"matthew-rapport-de-la-situation","status":"publish","type":"post","link":"https:\/\/communication-caritashaiti.org\/?p=201","title":{"rendered":"MATTHEW &#8211; RAPPORT DE LA SITUATION"},"content":{"rendered":"<p style=\"text-align: justify;\"><strong>NOM DU PROGRAMME<\/strong> : EA num\u00e9ro \/ pays \/ crise<br \/>\nDates couvertes : 03 Octobre 2016<br \/>\nNum\u00e9ro de SITREP : 1<br \/>\nSoumis par : <strong><span style=\"color: #ff6600;\">Equipe d\u2019urgence de Caritas Ha\u00efti<\/span><\/strong><br \/>\n<strong>1. R\u00e9sum\u00e9<\/strong><br \/>\nL\u2019ouragan MATTHEW est de cat\u00e9gorie 4 et repr\u00e9sente toujours un grand danger pour Ha\u00efti et particuli\u00e8rement pour les zones c\u00f4ti\u00e8res.<br \/>\n\u2022\u00a0\u00a0 \u00a0Les centres d\u2019Op\u00e9ration d\u2019urgence sont activit\u00e9s dans tout le pays et les diff\u00e9rents bureaux de Caritas participent aux r\u00e9unions de coordination<br \/>\n\u2022\u00a0\u00a0 \u00a0234 Abris provisoires sont ouverts pour recevoir les d\u00e9plac\u00e9s<br \/>\n\u2022\u00a0\u00a0 \u00a0Intensification des activit\u00e9s de sensibilisation<br \/>\n\u2022\u00a0\u00a0 \u00a0Le corps d\u2019un p\u00eacheur disparu \u00e0 Saint Jean Du Sud hier a \u00e9t\u00e9 retrouv\u00e9 entre Saint Jean et Port Salut<br \/>\n\u2022\u00a0\u00a0 \u00a01 cas de d\u00e9c\u00e8s enregistr\u00e9, suite \u00e0 la remont\u00e9e du Chol\u00e9ra<br \/>\n\u2022\u00a0\u00a0 \u00a0On commence \u00e0 fournir de l\u2019aide pour les familles d\u00e9plac\u00e9es<\/p>\n<p style=\"text-align: justify;\"><strong>2. Donn\u00e9es cl\u00e9s sur les populations touch\u00e9es<\/strong><br \/>\n\u2022\u00a0\u00a0 \u00a0Le cyclone Matthew a \u00e9t\u00e9 form\u00e9 le 29 Septembre 2016 pass\u00e9 dans l\u2019oc\u00e9an atlantique et il s\u2019est rapidement transform\u00e9 en ouragan. Pour le moment, il est de cat\u00e9gorie 4 et se r\u00e9v\u00e8le tr\u00e8s dangereux. M\u00eame si les premiers impacts sont pr\u00e9vus pour cet apr\u00e8s-midi aux environs de 14 heures, on commence d\u00e9j\u00e0 \u00e0 enregistrer des rafales de vents et des pluies au niveau des d\u00e9partements du Sud, du Sud-est, de la Grand\u2019 Anse, des Nippes et de l\u2019Ouest. Dans certaines villes c\u00f4ti\u00e8res, l\u2019eau commence \u00e0 monter et \u00e0 envahir les villes telles Anse d\u2019 Hainaut, Bariadelle, Cayes et Tiburon ; plusieurs cas de Chol\u00e9ra dans plusieurs localit\u00e9s du d\u00e9partement du Sud sont d\u00e9j\u00e0 enregistr\u00e9s<br \/>\n\u2022\u00a0\u00a0 \u00a0Au niveau des Iles de Cayemite, une Ecole Nationale servant d\u2019abri provisoire est endommag\u00e9e\u00a0: enl\u00e8vement de la toiture suite aux rafales de vent<br \/>\n\u2022\u00a0\u00a0 \u00a0Ph\u00e9nom\u00e8ne d\u2019inondation (mar\u00e9e-montante) dans 3\u00e8me section Bariad\u00e8le (commune de Dame-Marie<br \/>\n\u2022\u00a0\u00a0 \u00a0Plus de 600 personnes sont d\u00e9j\u00e0 en abris provisoires dans le d\u00e9partement de la Grand\u2019 Anse et Environ 27 personnes sont en abris dans les Nippes<br \/>\n\u2022\u00a0\u00a0 \u00a0Plusieurs maisons sont d\u00e9j\u00e0 inond\u00e9es dans le grand Sud. Dans la Grand-Anse, dans la communaut\u00e9 de Ti-Rivy\u00e8, Section Communale de la Commune de Dame-Marie, des maisons sont aussi inond\u00e9es et les \u00e9quipes locales ont des difficult\u00e9s pour nourrir les personnes en abris provisoires. (Contraintes de disponibilit\u00e9, contraintes d\u2019acc\u00e8s)<br \/>\n\u2022\u00a0\u00a0 \u00a0A Saint Jean du Sud et Ile \u00e0 Vache (Sud), la mer a d\u00e9j\u00e0 beaucoup mont\u00e9 et donne de s\u00e9rieux probl\u00e8mes en faisant des ravages. A Tiburon, des maisons sont endommag\u00e9es \u00e0 cause des vagues qui y sont tr\u00e8s violentes.<br \/>\n\u2022\u00a0\u00a0 \u00a015 cas de Chol\u00e9ra \u00e0 Rendel et 16 \u00e0 Port-\u00e0-Piment, dont un d\u00e9c\u00e8s. (C\u00f4te Sud)<br \/>\n\u2022\u00a0\u00a0 \u00a0Un vent de panique a eu lieu aux Cayes \u00e0 la suite d\u2019un message audio qui circule sur WhatsApp d\u00e9plorant que les villes des Cayes et de J\u00e9r\u00e9mie devraient disparaitre suite au passage de Matthew. Les gens laissent la ville en direction de Port-au-Prince et des zones Montagneuses.<\/p>\n<p style=\"text-align: justify;\"><strong>3. S\u00e9curit\u00e9 \/ Situation politique<\/strong><br \/>\nPour le moment la situation politique connait une calmie et toutes les \u00e9nergies se concentrent dans la gestion de l\u2019urgence. Cependant comme mentionn\u00e9 plus haut, en plus des vents, de la mont\u00e9e de l\u2019eau de mer et de la tomb\u00e9e des pluies, on risque une forte augmentation des cas de chol\u00e9ra due \u00e0 la non potabilit\u00e9 de l\u2019eau de boisson. Les cas de Rendel et de Port-\u00e0-Piment en constituent une annonce.\u00a0<strong><span style=\"color: #000000;\">\u00a0\u00a0\u00a0\u00a0\u00a0\u00a0\u00a0\u00a0\u00a0\u00a0\u00a0\u00a0\u00a0\u00a0\u00a0\u00a0\u00a0\u00a0\u00a0\u00a0\u00a0\u00a0\u00a0\u00a0\u00a0\u00a0\u00a0<\/span><\/strong><\/p>\n<p style=\"text-align: justify;\"><strong><span style=\"color: #000000;\">\u00a0 4. Dispositions prises\/Actions men\u00e9es<\/span><\/strong><br \/>\n\u2022\u00a0\u00a0 \u00a0Le gouvernement du pays \u00e0 travers le Secr\u00e9tariat Permanent de la Gestion des Risques et des D\u00e9sastres a d\u00e9clench\u00e9 l\u2019alerte rouge sur tout le territoire. Il a aussi ordonn\u00e9 la fermeture des \u00e9coles pour le lundi 03 Octobre et le Mardi 04 Octobre 2016. Il a aussi ordonn\u00e9 l\u2019\u00e9vacuation dans certaines zones c\u00f4ti\u00e8res<br \/>\n\u2022\u00a0\u00a0 \u00a0234 abris provisoires sont d\u00e9j\u00e0 inventori\u00e9s (NIPPES\u00a0: 41\u00a0; GRANDE-ANSE\u00a0: 34\u00a0; SUD-EST\u00a0: 33\u00a0; SUD\u00a0: 126\u00a0; Total 234)<br \/>\n\u2022\u00a0\u00a0 \u00a0Interdiction des Operations de cabotage<br \/>\n\u2022\u00a0\u00a0 \u00a0Tout le r\u00e9seau de Caritas Ha\u00efti est en alerte et on participe aux diff\u00e9rentes rencontres r\u00e9alis\u00e9es dans les Centres d\u2019Op\u00e9ration d\u2019Urgence D\u00e9partementaux (COUD)<br \/>\n<strong><span style=\"color: #ff6600;\">Les Cayes<\/span><\/strong><br \/>\n\u2022\u00a0\u00a0 \u00a0L\u2019\u00e9quipe d\u2019urgence du dioc\u00e8se des Cayes est mobilis\u00e9e et commence d\u00e9j\u00e0 \u00e0 venir en aide aux victimes dans les abris provisoires en leur fournissant des articles alimentaires. Des vivres sont pr\u00e9positionn\u00e9s et Caritas participe aux rencontres du COUD. Plusieurs sacs de riz et de haricot sont remis \u00e0 une \u00e9quipe de La\u00efcs dans la ville des Cayes pour alimenter les personnes d\u00e9plac\u00e9es dans un abri dans la ville des Cayes (Lyc\u00e9e Philippe Guerrier des Cayes, D\u00e9partement du Sud)<br \/>\n<span style=\"color: #ff6600;\"><strong>Les Nippes<\/strong><\/span><br \/>\n\u2022\u00a0\u00a0 \u00a0Caritas accompagne aussi la dynamique et participe \u00e0 toutes les phases avec le COUD. Trois rencontres de coordination tenues respectivement les 1er, 2 et 3 Septembre, octobre 2016.<br \/>\n\u2022\u00a0\u00a0 \u00a0Evacuation de la population vers les voisins, amis et proches.<br \/>\n\u2022\u00a0\u00a0 \u00a0Sensibilisation de la population via des crieurs, des radios, des r\u00e9seaux sociaux.<br \/>\n\u2022\u00a0\u00a0 \u00a0Enl\u00e8vement des billboards<br \/>\n\u2022\u00a0\u00a0 \u00a0D\u00e9placement de 43 prisonniers<br \/>\n\u2022\u00a0\u00a0 \u00a0Deux jours de fermeture des classes<br \/>\n\u2022\u00a0\u00a0 \u00a0Interdiction aux voiliers de quitter le port de Miragoane\u00a0; Injonction faite aux navires \u00e9trangers d\u2019aller au large.<br \/>\n\u2022\u00a0\u00a0 \u00a0Communication a la population de la liste des abris provisoires<br \/>\n\u2022\u00a0\u00a0 \u00a0Deux interventions dans les m\u00e9dias avec le D\u00e9l\u00e9gu\u00e9 d\u00e9partemental<br \/>\n\u2022\u00a0\u00a0 \u00a0Un point de presse accorde aux m\u00e9dias de Miragoane.<br \/>\n\u2022\u00a0\u00a0 \u00a0Accompagnement de14 d\u00e9plac\u00e9s<br \/>\n<span style=\"color: #ff6600;\"><strong>Jacmel<\/strong><\/span><br \/>\n\u2022\u00a0\u00a0 \u00a0Participation aux rencontres du COUD et visites des sites d\u2019abris provisoires<br \/>\n\u2022\u00a0\u00a0 \u00a0Mobilisation de la communaut\u00e9 pour les inciter \u00e0 se mettre \u00e0 l\u2019abri.<br \/>\n\u2022\u00a0\u00a0 \u00a0Mise en place d\u2019un point de Secours d\u2019Urgence afin d\u2019accueillir d\u2019\u00e9ventuelles victimes, en collaboration avec quelques m\u00e9decins de Felicia\u2019n Sister.<br \/>\n\u2022\u00a0\u00a0 \u00a0Appui de Caritas Jacmel a un centre d\u2019h\u00e9bergement\u00a0: Plats chauds, eau, produits d\u2019hygi\u00e8ne.<br \/>\n\u2022\u00a0\u00a0 \u00a0Une cellule d\u2019Urgence est dans les bureaux de Caritas Jacmel pour maintenir le contact avec les paroisses et les communes \u00e0 travers les CPCL<\/p>\n<p style=\"text-align: justify;\"><strong><span style=\"color: #ff6600;\">J\u00e9r\u00e9mie<\/span><\/strong><br \/>\nCaritas J\u00e9r\u00e9mie accompagne les structures de l\u2019\u00c9tat dans la pr\u00e9paration aux Urgences. Les informations sont recueillies des Caritas Paroissiales et des Comit\u00e9s Locaux de Protection Civile (CLPC).<br \/>\n\u2022\u00a0\u00a0 \u00a0Prises de contact successifs avec les autorit\u00e9s locales, volontaire de Brigadiers de DPC<br \/>\n\u2022\u00a0\u00a0 \u00a0Suivi d\u2019ouverture des abris d\u2019\u00e9vacuation \u00e0 travers le d\u00e9partement<br \/>\n\u2022\u00a0\u00a0 \u00a0Evacuation au niveau de certaines communes (J\u00e9r\u00e9mie\u00a0: Lyc\u00e9e Nord Alexis\u00a0: 465, Local OAS\u00a0: 84, Coll\u00e8ge Antoine de Padoux\u00a0: 21 Total (570), Pestel \/Iles Cahimite\u00a0:72 personnes<br \/>\n\u2022\u00a0\u00a0 \u00a0Suivi avec les autorit\u00e9s locales pour \u00e9vacuer les gens vivant dans les zones \u00e0 haut risque<br \/>\n\u2022\u00a0\u00a0 \u00a0Gestion des abris d\u2019\u00e9vacuation (entretien, enregistrement des personnes \u00e9vacu\u00e9es (CTGAP, CRH, Installation de blader (camion d\u2019eau par MUNISTAH), syst\u00e8me d\u2019\u00e9clairage, distribution de couverture avec la CRH, appui en d\u2019eau et nourriture par CRS et CARE. Le processus d\u2019\u00e9vacuation continue.<br \/>\n\u2022\u00a0\u00a0 \u00a0Intensification des sensibilisation (Sound truck et via m\u00e9gaphones avec l\u2019appui de CRS et Emission de radio)<br \/>\nLes Dioc\u00e8ses des Cayes, de J\u00e9r\u00e9mie, d\u2019Anse-\u00e0-Veaux et de Jacmel sont les dioc\u00e8ses qui sont directement menac\u00e9s. Cependant, tous les autres dioc\u00e8ses du pays sont mobilis\u00e9s. Les cellules d\u2019urgences sont activ\u00e9es et nous maintenons le contact.<\/p>\n<p style=\"text-align: justify;\"><strong>\u00a0\u00a0 5. Coordination et r\u00e9unions<\/strong><br \/>\nCaritas Participe aux diff\u00e9rents espaces de coordination\u00a0:<br \/>\n\u2022\u00a0\u00a0 \u00a0Au niveau de la Grand\u2019 Anse et du Sud, il y a un manque de capacit\u00e9 pour nourrir les familles en abris provisoires. Un appel est donc lanc\u00e9 aux autres acteurs pour aider en ce sens. Le CRS et le Care sont pr\u00eats \u00e0 donner leur appui et une demande est faite aupr\u00e8s du minist\u00e8re des finances pour d\u00e9bloquer les fonds n\u00e9cessaires<br \/>\n\u2022\u00a0\u00a0 \u00a0Etant donn\u00e9 que la menace concerne plusieurs d\u00e9partements du pays, le Plan National de Gestion des Risques est activ\u00e9. Toutes les dispositions sont prises pour tenir la population inform\u00e9e en temps r\u00e9el de l\u2019\u00e9volution de la situation. En ce sens, des bulletins m\u00e9t\u00e9orologiques seront post\u00e9s r\u00e9guli\u00e8rement sur le site www.meteo-haiti.gouv.ht\u00a0; une \u00e9quipe d\u2019appui venant des Nation Unies est d\u00e9ploy\u00e9e dans le Sud et la Grand Anse<br \/>\n\u2022\u00a0\u00a0 \u00a0Certaines \u00e9coles congr\u00e9ganistes et presbyt\u00e9rales seront utilis\u00e9es au cas o\u00f9 la capacit\u00e9 des abris provisoires serait d\u00e9pass\u00e9e<\/p>\n<p style=\"text-align: justify;\"><strong>6. M\u00e9dias &amp; Communications<\/strong><br \/>\nLe lien suivant permet de suivre l\u2019\u00e9v\u00e9nement en temps r\u00e9el dans la cara\u00efbe en g\u00e9n\u00e9ral et sur Ha\u00efti en particulier <a href=\"http:\/\/www.windytv.com\" target=\"_blank\">www.windytv.com.<\/a><\/p>\n<p style=\"text-align: justify;\"><strong>7. Personnel<\/strong><br \/>\n\u2022\u00a0\u00a0 \u00a0Les bureaux de Caritas ont fonctionn\u00e9 avec un staff r\u00e9duit pour ce lundi. Mais le personnel op\u00e9rationnel est mobilis\u00e9. Chaque bureau maintient une cellule d\u2019urgence, qui suit de pr\u00e8s l\u2019\u00e9volution de la situation. Au Bureau National de Caritas Haiti, une \u00e9quipe de cinq cadres maintiennent la permanence pour la nuit du 3 au 4 octobre, pour garder contact avec les dioc\u00e8ses et informer les diff\u00e9rentes cellules.<\/p>\n<p style=\"text-align: justify;\"><strong>8. Activit\u00e9s pr\u00e9vues pour la prochaine p\u00e9riode de rapport<\/strong><br \/>\n\u2022\u00a0\u00a0 \u00a0Pr\u00e9paration de plats chauds pour les personnes \u00e9vacu\u00e9es dans les sites d\u2019H\u00e9bergement<br \/>\n\u2022\u00a0\u00a0 \u00a0Distribution de articles alimentaires dans les sites d\u2019h\u00e9bergement<br \/>\n\u2022\u00a0\u00a0 \u00a0Evaluation des d\u00e9g\u00e2ts apr\u00e8s le Cyclone<\/p>\n<p style=\"text-align: justify;\"><strong>Conclusion<\/strong><br \/>\nLes informations dont nous disposons confirment que l\u2019\u0153il du Cyclone sera exactement entre la Cote du Sud\u2019Ouest d\u2019Haiti et l\u2019Est de la Jama\u00efque.\u00a0 Ceci implique que toute la presqu\u2019ile du Sude, de Tiburon en passant par les Cayes, J\u00e9r\u00e9mie, Mirag\u00f4ane et Jacmel, sera frapp\u00e9e violemment. C\u2019est le plus violent pour Haiti depuis plus de cinquante ans, qui a vu le d\u00e9partement du Sud d\u2019Haiti et la Grande-Anse d\u00e9vast\u00e9s. Des d\u00e9g\u00e2ts sont m\u00eame pr\u00e9vus, cette fois, \u00e0 Port-au-Prince. Nous ne pouvons changer la situation. Mais nous faisons de notre mieux pour mitiger les d\u00e9g\u00e2ts, tout en gardant confiance.<\/p>\n<div id=\"attachment_222\" style=\"width: 310px\" class=\"wp-caption aligncenter\"><a href=\"http:\/\/communication-caritashaiti.org\/wp-content\/uploads\/2016\/10\/WhatsApp-Image-2016-10-10-at-15.20.501.jpeg\"><img loading=\"lazy\" decoding=\"async\" aria-describedby=\"caption-attachment-222\" class=\"wp-image-222 size-medium\" src=\"http:\/\/communication-caritashaiti.org\/wp-content\/uploads\/2016\/10\/WhatsApp-Image-2016-10-10-at-15.20.501-300x225.jpeg\" alt=\"Mont\u00e9e de la mer \u00e0 Anse d'Hailnaut\" width=\"300\" height=\"225\" srcset=\"https:\/\/communication-caritashaiti.org\/wp-content\/uploads\/2016\/10\/WhatsApp-Image-2016-10-10-at-15.20.501-300x225.jpeg 300w, https:\/\/communication-caritashaiti.org\/wp-content\/uploads\/2016\/10\/WhatsApp-Image-2016-10-10-at-15.20.501.jpeg 720w\" sizes=\"auto, (max-width: 300px) 100vw, 300px\" \/><\/a><p id=\"caption-attachment-222\" class=\"wp-caption-text\">Mont\u00e9e de la mer \u00e0 Anse d&rsquo;Hailnaut<\/p><\/div>\n<div id=\"attachment_221\" style=\"width: 190px\" class=\"wp-caption aligncenter\"><a href=\"http:\/\/communication-caritashaiti.org\/wp-content\/uploads\/2016\/10\/WhatsApp-Image-2016-10-10-at-15.20.50.jpeg\"><img loading=\"lazy\" decoding=\"async\" aria-describedby=\"caption-attachment-221\" class=\"wp-image-221 size-medium\" src=\"http:\/\/communication-caritashaiti.org\/wp-content\/uploads\/2016\/10\/WhatsApp-Image-2016-10-10-at-15.20.50-180x300.jpeg\" alt=\"homme fuyant les vagues |Les Irois\" width=\"180\" height=\"300\" srcset=\"https:\/\/communication-caritashaiti.org\/wp-content\/uploads\/2016\/10\/WhatsApp-Image-2016-10-10-at-15.20.50-180x300.jpeg 180w, https:\/\/communication-caritashaiti.org\/wp-content\/uploads\/2016\/10\/WhatsApp-Image-2016-10-10-at-15.20.50.jpeg 480w\" sizes=\"auto, (max-width: 180px) 100vw, 180px\" \/><\/a><p id=\"caption-attachment-221\" class=\"wp-caption-text\">homme fuyant les vagues |Les Irois<\/p><\/div>\n","protected":false},"excerpt":{"rendered":"<p>NOM DU PROGRAMME : EA num\u00e9ro \/ pays \/ crise Dates couvertes : 03 Octobre 2016 Num\u00e9ro de SITREP : 1 Soumis par : Equipe d\u2019urgence de Caritas Ha\u00efti 1. R\u00e9sum\u00e9 L\u2019ouragan MATTHEW est de cat\u00e9gorie 4 et repr\u00e9sente toujours un grand danger pour Ha\u00efti et particuli\u00e8rement pour les zones c\u00f4ti\u00e8res. \u2022\u00a0\u00a0 \u00a0Les centres d\u2019Op\u00e9ration [&hellip;]<\/p>\n","protected":false},"author":1,"featured_media":0,"comment_status":"open","ping_status":"open","sticky":true,"template":"","format":"standard","meta":{"footnotes":""},"categories":[7,4],"tags":[14,16],"class_list":["post-201","post","type-post","status-publish","format-standard","hentry","category-articleselectiones","category-evenement","tag-matthew","tag-ouragan"],"_links":{"self":[{"href":"https:\/\/communication-caritashaiti.org\/index.php?rest_route=\/wp\/v2\/posts\/201","targetHints":{"allow":["GET"]}}],"collection":[{"href":"https:\/\/communication-caritashaiti.org\/index.php?rest_route=\/wp\/v2\/posts"}],"about":[{"href":"https:\/\/communication-caritashaiti.org\/index.php?rest_route=\/wp\/v2\/types\/post"}],"author":[{"embeddable":true,"href":"https:\/\/communication-caritashaiti.org\/index.php?rest_route=\/wp\/v2\/users\/1"}],"replies":[{"embeddable":true,"href":"https:\/\/communication-caritashaiti.org\/index.php?rest_route=%2Fwp%2Fv2%2Fcomments&post=201"}],"version-history":[{"count":20,"href":"https:\/\/communication-caritashaiti.org\/index.php?rest_route=\/wp\/v2\/posts\/201\/revisions"}],"predecessor-version":[{"id":342,"href":"https:\/\/communication-caritashaiti.org\/index.php?rest_route=\/wp\/v2\/posts\/201\/revisions\/342"}],"wp:attachment":[{"href":"https:\/\/communication-caritashaiti.org\/index.php?rest_route=%2Fwp%2Fv2%2Fmedia&parent=201"}],"wp:term":[{"taxonomy":"category","embeddable":true,"href":"https:\/\/communication-caritashaiti.org\/index.php?rest_route=%2Fwp%2Fv2%2Fcategories&post=201"},{"taxonomy":"post_tag","embeddable":true,"href":"https:\/\/communication-caritashaiti.org\/index.php?rest_route=%2Fwp%2Fv2%2Ftags&post=201"}],"curies":[{"name":"wp","href":"https:\/\/api.w.org\/{rel}","templated":true}]}}