{"id":143,"date":"2013-06-06T13:48:53","date_gmt":"2013-06-06T13:48:53","guid":{"rendered":"http:\/\/communication-caritashaiti.org\/?p=143"},"modified":"2013-06-06T13:48:53","modified_gmt":"2013-06-06T13:48:53","slug":"agir-pour-le-troisieme-age","status":"publish","type":"post","link":"https:\/\/communication-caritashaiti.org\/?p=143","title":{"rendered":"Agir pour le troisi\u00e8me \u00e2ge"},"content":{"rendered":"<blockquote><p>Caritas Ha\u00efti adresse la question de l&rsquo;accompagnement des personnes du troisi\u00e8me \u00e2ge apr\u00e8s les p\u00e9riodes de grandes catastrophes \u00e0 travers son projet d&rsquo;appui aux personnes \u00e2g\u00e9es dans 5 paroisses du d\u00e9partement du Sud. Le projet soutenu par Caritas Espagne s&rsquo;\u00e9tend sur trois ans (mars 2011-f\u00e9vrier 2014).<\/p><\/blockquote>\n<p>Depuis mars 2011, Caritas Ha\u00efti a d\u00e9marr\u00e9 son programme d&rsquo;appui \u00e0 une centaine de personnes ayant en moyenne 70 ans, dans les paroisses de Camp-Perrin, Maniche, Miserne, Mersant et Laborde. Visites de loisirs, animation sociale, consultation g\u00e9riatrique bimensuelle, don de kits alimentaires et d&rsquo;hygi\u00e8ne, distribution de plats chauds sont, parmi beaucoup d&rsquo;autres, les actions humanitaires men\u00e9es par les agents pastoraux dans le cadre de ce projet en cours depuis deux ans dans le d\u00e9partement du Sud.<\/p>\n<p>L&rsquo;ann\u00e9e 2012 a marqu\u00e9 un tournant d\u00e9cisif dans l&rsquo;ex\u00e9cution de ce projet. Suite \u00e0 une \u00e9valuation au terme de la premi\u00e8re ann\u00e9e, l&rsquo;\u00e9quipe technique a d\u00e9cid\u00e9 d&rsquo;y apporter certaines modifications, notamment une r\u00e9vision \u00e0 la hausse du nombre de b\u00e9n\u00e9ficiaires. Ainsi, leur nombre par paroisse est pass\u00e9 de 20 \u00e0 46, soit une augmentation de plus de 100%. Au total, 230 b\u00e9n\u00e9ficiaires sont depuis pris en charge dans les paroisses cibl\u00e9es.<\/p>\n<p>Des activit\u00e9s g\u00e9n\u00e9ratrices de revenus comme la construction de cinq boulangeries -une par paroisse- et l&rsquo;am\u00e9nagement de jardins communautaires permettront aux centres d&rsquo;h\u00e9bergement ouverts aux personnes \u00e2g\u00e9es de continuer \u00e0 fonctionner au terme du financement initial de ce projet par Caritas Espagne. Deux des cinq boulangeries seront bient\u00f4t fonctionnelles, une autre sera ouverte sous peu. Dans les jardins, on fait des cultures maraich\u00e8res, c\u00e9r\u00e9ali\u00e8res et vivri\u00e8res pour la plupart.<\/p>\n<p>Les 230 b\u00e9n\u00e9ficiaires peuvent compter sur la cr\u00e9ation, dans chaque paroisse, d&rsquo;un groupe d&rsquo;appui de 15 membres. Le groupe est constitu\u00e9 d&rsquo;un ensemble de b\u00e9n\u00e9voles en charge des activit\u00e9s journali\u00e8res des b\u00e9n\u00e9ficiaires et il est coordonn\u00e9 par le cur\u00e9 de la paroisse. Ce groupe d&rsquo;appui entend se transformer en comit\u00e9 permanent de plaidoirie aupr\u00e8s du Minist\u00e8re des Affaires Sociales et du Travail.<\/p>\n<p>Des \u00e9v\u00e9nements publics seront organis\u00e9s sur une base r\u00e9guli\u00e8re en vue de sensibiliser les autorit\u00e9s publiques et de mobiliser la communaut\u00e9 sur la n\u00e9cessit\u00e9 d&rsquo;une attention plus soutenue aux personnes du troisi\u00e8me \u00e2ge. L&rsquo;agronome Castra a annonc\u00e9 pour fin 2013, un colloque sur la probl\u00e9matique des personnes du troisi\u00e8me \u00e2ge organis\u00e9 par Caritas Ha\u00efti. Cet \u00e9v\u00e9nement, dit-il, servira de plateforme pour engager des plaidoyers plus convaincants en faveur des personnes \u00e2g\u00e9es aupr\u00e8s de l&rsquo;Etat central.<\/p>\n<p>Le programme s&rsquo;\u00e9tend jusqu&rsquo;en f\u00e9vrier 2014 et, Caritas Ha\u00efti avec le support de Caritas Espagne, continuera d&rsquo;accompagner les b\u00e9n\u00e9ficiaires en leur offrant une couverture m\u00e9dicale, un appui psychosocial et la s\u00e9curit\u00e9 alimentaire.<\/p>\n","protected":false},"excerpt":{"rendered":"<p>Caritas Ha\u00efti adresse la question de l&rsquo;accompagnement des personnes du troisi\u00e8me \u00e2ge apr\u00e8s les p\u00e9riodes de grandes catastrophes \u00e0 travers son projet d&rsquo;appui aux personnes \u00e2g\u00e9es dans 5 paroisses du d\u00e9partement du Sud. Le projet soutenu par Caritas Espagne s&rsquo;\u00e9tend sur trois ans (mars 2011-f\u00e9vrier 2014). Depuis mars 2011, Caritas Ha\u00efti a d\u00e9marr\u00e9 son programme [&hellip;]<\/p>\n","protected":false},"author":1,"featured_media":0,"comment_status":"open","ping_status":"open","sticky":false,"template":"","format":"standard","meta":{"footnotes":""},"categories":[7],"tags":[],"class_list":["post-143","post","type-post","status-publish","format-standard","hentry","category-articleselectiones"],"_links":{"self":[{"href":"https:\/\/communication-caritashaiti.org\/index.php?rest_route=\/wp\/v2\/posts\/143","targetHints":{"allow":["GET"]}}],"collection":[{"href":"https:\/\/communication-caritashaiti.org\/index.php?rest_route=\/wp\/v2\/posts"}],"about":[{"href":"https:\/\/communication-caritashaiti.org\/index.php?rest_route=\/wp\/v2\/types\/post"}],"author":[{"embeddable":true,"href":"https:\/\/communication-caritashaiti.org\/index.php?rest_route=\/wp\/v2\/users\/1"}],"replies":[{"embeddable":true,"href":"https:\/\/communication-caritashaiti.org\/index.php?rest_route=%2Fwp%2Fv2%2Fcomments&post=143"}],"version-history":[{"count":3,"href":"https:\/\/communication-caritashaiti.org\/index.php?rest_route=\/wp\/v2\/posts\/143\/revisions"}],"predecessor-version":[{"id":147,"href":"https:\/\/communication-caritashaiti.org\/index.php?rest_route=\/wp\/v2\/posts\/143\/revisions\/147"}],"wp:attachment":[{"href":"https:\/\/communication-caritashaiti.org\/index.php?rest_route=%2Fwp%2Fv2%2Fmedia&parent=143"}],"wp:term":[{"taxonomy":"category","embeddable":true,"href":"https:\/\/communication-caritashaiti.org\/index.php?rest_route=%2Fwp%2Fv2%2Fcategories&post=143"},{"taxonomy":"post_tag","embeddable":true,"href":"https:\/\/communication-caritashaiti.org\/index.php?rest_route=%2Fwp%2Fv2%2Ftags&post=143"}],"curies":[{"name":"wp","href":"https:\/\/api.w.org\/{rel}","templated":true}]}}