{"id":125,"date":"2013-06-05T15:36:09","date_gmt":"2013-06-05T15:36:09","guid":{"rendered":"http:\/\/communication-caritashaiti.org\/?p=125"},"modified":"2013-06-05T15:36:09","modified_gmt":"2013-06-05T15:36:09","slug":"un-pape-ne-demissionne-pas","status":"publish","type":"post","link":"https:\/\/communication-caritashaiti.org\/?p=125","title":{"rendered":"Un Pape ne d\u00e9missionne pas"},"content":{"rendered":"<blockquote><p>Le Pape Fran\u00e7ois succ\u00e8de \u00e0 Beno\u00eet XVI. Les m\u00e9dias parlent de d\u00e9mission alors qu&rsquo;en r\u00e9alit\u00e9 Beno\u00eet XVI a renonc\u00e9 au pontificat supr\u00eame. Un Pape peut-il d\u00e9missionner? Mrg. Patrick Aris nous apporte des \u00e9l\u00e9ments d&rsquo;\u00e9clairage \u00e0 titre de canoniste (sp\u00e9cialiste en droit propre de l&rsquo;\u00c9glise catholique) et d&rsquo;eccl\u00e9siologue (th\u00e9ologien sp\u00e9cialiste de la th\u00e9ologie sur l&rsquo;\u00c9glise).<\/p><\/blockquote>\n<p>Beno\u00eet XVI a mis le monde entier en \u00e9moi en annon\u00e7ant le 11 f\u00e9vrier dernier sa renonciation au pontificat supr\u00eame. Cette grande \u00e9motion a suscit\u00e9 beaucoup d&rsquo;int\u00e9r\u00eats et j&rsquo;ai \u00e9t\u00e9 interrog\u00e9 par maints fid\u00e8les \u00e0 titre de canoniste ou d&rsquo;eccl\u00e9siologue. Effectivement, la mati\u00e8re touche les deux champs. On en cherchait la signification et surtout les raisons. La presse profane n&rsquo;a pas manqu\u00e9 de nous r\u00e9galer de mets assortis en portion copieuse, mais est-ce toujours de bon go\u00fbt ? En tout cas, aucun accroc dans les proc\u00e9dures. Beno\u00eet XVI a pos\u00e9 son acte de renonciation librement et il a convoqu\u00e9 un consistoire pour le manifester, donc il respecte le canon 332 \u00a7 2 qui stipule : s&rsquo;il arrive que le Pontife Romain renonce \u00e0 sa charge, il est requis pour la validit\u00e9 que la renonciation soit faite librement et qu&rsquo;elle soit d\u00fbment manifest\u00e9e, mais non pas qu&rsquo;elle soit accept\u00e9e par qui que ce soit. Ce canon est en fait une exception du canon 401: tout \u00e9v\u00eaque est pri\u00e9 de pr\u00e9senter sa d\u00e9mission au pape lorsqu&rsquo;il atteint 75 ans; il peut le faire avant pour raisons de sant\u00e9 et autres raisons graves. Mais \u2026l&rsquo;\u00e9v\u00eaque de Rome ou pontife romain est le pape. Voil\u00e0 l&rsquo;affaire ! Vous fid\u00e8les de l&rsquo;\u00c9glise, simples curieux ou observateurs \u00e9l\u00e9gants et si je vous apporte la question suivante : Qui a fait la renonciation ? Le pape ou l&rsquo;\u00e9v\u00eaque de Rome ? Diriez-vous que le canon 332\u00a7 2 nous a assez \u00e9clair\u00e9s ?<\/p>\n<p><a href=\"http:\/\/communication-caritashaiti.org\/wp-content\/uploads\/2013\/06\/benoitxvi-pape-dos.jpg\"><img loading=\"lazy\" decoding=\"async\" class=\"alignright size-medium wp-image-126\" title=\"benoitxvi-pape-dos\" src=\"http:\/\/communication-caritashaiti.org\/wp-content\/uploads\/2013\/06\/benoitxvi-pape-dos-300x229.jpg\" alt=\"\" width=\"300\" height=\"229\" srcset=\"https:\/\/communication-caritashaiti.org\/wp-content\/uploads\/2013\/06\/benoitxvi-pape-dos-300x229.jpg 300w, https:\/\/communication-caritashaiti.org\/wp-content\/uploads\/2013\/06\/benoitxvi-pape-dos.jpg 381w\" sizes=\"auto, (max-width: 300px) 100vw, 300px\" \/><\/a>Pourquoi l&rsquo;\u00e9v\u00eaque de Rome ne peut-il \u00eatre d\u00e9mis et d\u00e9missionnaire ? Pourquoi fait-il exception? Parce qu&rsquo;il est le pape, parce que le minist\u00e8re de l&rsquo;unit\u00e9 requiert cette exception. Le canon 332\u00a7 2 n&rsquo;apporte pas de r\u00e9ponse sur notre question parce que le code de droit canonique n&rsquo;est pas un manuel de th\u00e9ologie. La d\u00e9mission est impossible pour le pape parce qu&rsquo;il est le l\u00e9gislateur supr\u00eame ; il n&rsquo;a personne \u00e0 qui la pr\u00e9senter ; personne sur terre, aucune autorit\u00e9 humaine. Selon la vision catholique, le pape comme l\u00e9gislateur supr\u00eame est le seul \u00eatre humain au-dessus de toutes le lois humaines. C&rsquo;est pourquoi il est le pontife supr\u00eame, le poseur et le faiseur de ponts entre les hommes, entre le ciel et la terre. L&rsquo;\u00e9v\u00eaque de Rome h\u00e9rite de la primaut\u00e9 de Pierre en \u00e9tant son successeur ; c&rsquo;est ce qui fait de lui le pape. En fait une exception op\u00e9rationnelle inscrite dans la logique du code de 1983 met une diff\u00e9rence importante au sein de la m\u00eame personne porteuse de l&rsquo;office du pape et de l&rsquo;\u00e9v\u00eaque de Rome, deux responsabilit\u00e9s totalement diff\u00e9rentes. Heureusement que le peuple de Rome consent \u00e0 ce que l&rsquo;\u00e9v\u00eaque de Rome, son \u00e9v\u00eaque, soit d&rsquo;abord au monde avant d&rsquo;\u00eatre \u00e0 lui. Ce peuple de Rome est tr\u00e8s g\u00e9n\u00e9reux. Ainsi l&rsquo;histoire r\u00e9compense cette \u00c9glise pour sa g\u00e9n\u00e9rosit\u00e9 en en faisant le seul si\u00e8ge o\u00f9 l&rsquo;\u00e9v\u00eaque ne d\u00e9missionne pas, laissant simplement au pape le soin de renoncer \u00e0 sa charge quand il l&rsquo;estime n\u00e9cessaire.<\/p>\n<p>Cette clarification apport\u00e9e, il faudrait, en analysant la renonciation, revenir sur la personne de Beno\u00eet XVI. C&rsquo;est un humble serviteur et un coop\u00e9rateur de la v\u00e9rit\u00e9. Il n&rsquo;a besoin d&rsquo;aucun pouvoir, fut-il sacr\u00e9. Voyant qu&rsquo;il ne peut plus continuer \u00e0 servir avec la m\u00eame force et intr\u00e9pidit\u00e9 corporelle, il passe le t\u00e9moin pour servir autrement. Quelle sinc\u00e9rit\u00e9 et quelle noblesse! Beno\u00eet XVI tu es admirable&#8230;. comme Beno\u00eet de Nursie. C&rsquo;est ce qu&rsquo;il faut augurer de chaque pape y compris de Fran\u00e7ois qui a d\u00e9j\u00e0 conquis son peuple de Rome par sa douceur de Beno\u00eet XVI, sa simplicit\u00e9 de Jean Paul II, son sourire de Jean Paul 1er, son courage de Paul VI, son humilit\u00e9 de Jean XXIII. Peut-\u00eatre qu&rsquo;il nous montrera la souple fermet\u00e9 de L\u00e9on XIII.<\/p>\n","protected":false},"excerpt":{"rendered":"<p>Le Pape Fran\u00e7ois succ\u00e8de \u00e0 Beno\u00eet XVI. Les m\u00e9dias parlent de d\u00e9mission alors qu&rsquo;en r\u00e9alit\u00e9 Beno\u00eet XVI a renonc\u00e9 au pontificat supr\u00eame. Un Pape peut-il d\u00e9missionner? Mrg. Patrick Aris nous apporte des \u00e9l\u00e9ments d&rsquo;\u00e9clairage \u00e0 titre de canoniste (sp\u00e9cialiste en droit propre de l&rsquo;\u00c9glise catholique) et d&rsquo;eccl\u00e9siologue (th\u00e9ologien sp\u00e9cialiste de la th\u00e9ologie sur l&rsquo;\u00c9glise). Beno\u00eet [&hellip;]<\/p>\n","protected":false},"author":1,"featured_media":0,"comment_status":"open","ping_status":"open","sticky":false,"template":"","format":"standard","meta":{"footnotes":""},"categories":[5],"tags":[],"class_list":["post-125","post","type-post","status-publish","format-standard","hentry","category-essentiel"],"_links":{"self":[{"href":"https:\/\/communication-caritashaiti.org\/index.php?rest_route=\/wp\/v2\/posts\/125","targetHints":{"allow":["GET"]}}],"collection":[{"href":"https:\/\/communication-caritashaiti.org\/index.php?rest_route=\/wp\/v2\/posts"}],"about":[{"href":"https:\/\/communication-caritashaiti.org\/index.php?rest_route=\/wp\/v2\/types\/post"}],"author":[{"embeddable":true,"href":"https:\/\/communication-caritashaiti.org\/index.php?rest_route=\/wp\/v2\/users\/1"}],"replies":[{"embeddable":true,"href":"https:\/\/communication-caritashaiti.org\/index.php?rest_route=%2Fwp%2Fv2%2Fcomments&post=125"}],"version-history":[{"count":2,"href":"https:\/\/communication-caritashaiti.org\/index.php?rest_route=\/wp\/v2\/posts\/125\/revisions"}],"predecessor-version":[{"id":128,"href":"https:\/\/communication-caritashaiti.org\/index.php?rest_route=\/wp\/v2\/posts\/125\/revisions\/128"}],"wp:attachment":[{"href":"https:\/\/communication-caritashaiti.org\/index.php?rest_route=%2Fwp%2Fv2%2Fmedia&parent=125"}],"wp:term":[{"taxonomy":"category","embeddable":true,"href":"https:\/\/communication-caritashaiti.org\/index.php?rest_route=%2Fwp%2Fv2%2Fcategories&post=125"},{"taxonomy":"post_tag","embeddable":true,"href":"https:\/\/communication-caritashaiti.org\/index.php?rest_route=%2Fwp%2Fv2%2Ftags&post=125"}],"curies":[{"name":"wp","href":"https:\/\/api.w.org\/{rel}","templated":true}]}}