{"id":116,"date":"2013-06-05T15:03:45","date_gmt":"2013-06-05T15:03:45","guid":{"rendered":"http:\/\/communication-caritashaiti.org\/?p=116"},"modified":"2013-06-05T15:03:45","modified_gmt":"2013-06-05T15:03:45","slug":"12-janvier-2010-je-me-souviens","status":"publish","type":"post","link":"https:\/\/communication-caritashaiti.org\/?p=116","title":{"rendered":"12 janvier 2010, Je me souviens !"},"content":{"rendered":"<p><a href=\"http:\/\/communication-caritashaiti.org\/wp-content\/uploads\/2013\/06\/MBeliard1.jpg\"><img loading=\"lazy\" decoding=\"async\" class=\"alignright size-medium wp-image-117\" title=\"MBeliard1\" src=\"http:\/\/communication-caritashaiti.org\/wp-content\/uploads\/2013\/06\/MBeliard1-300x282.jpg\" alt=\"\" width=\"300\" height=\"282\" srcset=\"https:\/\/communication-caritashaiti.org\/wp-content\/uploads\/2013\/06\/MBeliard1-300x282.jpg 300w, https:\/\/communication-caritashaiti.org\/wp-content\/uploads\/2013\/06\/MBeliard1.jpg 400w\" sizes=\"auto, (max-width: 300px) 100vw, 300px\" \/><\/a>Chaque personne, qu&rsquo;elle ait \u00e9t\u00e9 ou non pr\u00e9sente \u00e0 Port-au-Prince le 12 janvier 2010, a une histoire \u00e0 raconter autour de cet \u00e9v\u00e9nement qui a chang\u00e9 nos vies et nos habitudes. Chacun\/e a v\u00e9cu son propre \u00ab\u00a012 janvier\u00a0\u00bb., Moi je garde un souvenir tr\u00e8s flou des secousses telluriques et du chaos qui s&rsquo;en est suivi.<\/p>\n<p>Pourtant, je me souviens tr\u00e8s bien du silence qui a suivi les g\u00e9missements de la terre. Je me souviens des cris qui montaient vers le ciel comme d&rsquo;une seule voix. Je me souviens de ces centaines de milliers de personnes hurlant d&rsquo;horreur. Par-dessus tout, je me souviens de la g\u00e9n\u00e9rosit\u00e9.<\/p>\n<p>Le 12 janvier 2010, en arrivant chez moi \u00e9reint\u00e9e et en regardant la maison affaiss\u00e9e, je suis tomb\u00e9e \u00e0 genoux. Mes jambes trop faibles pour me porter. Je me souviens alors de deux bras m&rsquo;enveloppant, de mains tapotant mon dos et d&rsquo;une voix d&rsquo;homme en sanglots me souhaitant du courage, comme pour s&rsquo;en donner aussi \u00e0 lui-m\u00eame.<\/p>\n<p>Je me souviens de ce marchand ambulant d&rsquo;eau qui offrait gratuitement son article aux grands et petits parce qu&rsquo;il sait combien la poussi\u00e8re et la douleur ass\u00e8chent la gorge. Je me souviens de notre voisine, Darline Jean-Baptiste, qui s&rsquo;usait les yeux tous les jours dans la fum\u00e9e du bois qu&rsquo;elle utilisait pour pr\u00e9parer \u00e0 manger aux gens du quartier. Je me souviens de ces deux jeunes hommes qui enterraient le cadavre d&rsquo;un inconnu par peur que sa d\u00e9composition rende malades des enfants de la rue de la R\u00e9union.<\/p>\n<p>Je me souviens de cette passante qui a pris dans ses bras une m\u00e8re effondr\u00e9e devant le cadavre de son enfant, alors qu&rsquo;elle \u00e9tait elle-m\u00eame couverte de sang. Je me souviens de ce p\u00e2tissier qui a cuit des boulettes de farine qu&rsquo;il distribuait aux enfants. Je me souviens de cette autre voisine qui a mis toute sa literie et ses meubles \u00e0 la disposition des gens du quartier.<\/p>\n<p>Je me souviens de cette dame qui est morte en faisant de son corps un bouclier pour sauver d&rsquo;une mort horrible le b\u00e9b\u00e9 dont elle avait la garde. Je me souviens de Fontilaire qui a risqu\u00e9 le danger pour sortir ses coll\u00e8gues des ruines du Minist\u00e8re \u00e0 la Condition F\u00e9minine. Je me souviens d&rsquo;une population qui criait, pleurait et priait d&rsquo;une seule voix.<\/p>\n<p>Dans cette deuxi\u00e8me sortie du Magazine Caritas Ha\u00efti consacr\u00e9e aux actions de r\u00e9ponse au s\u00e9isme d&rsquo;il y a trois ans, je veux avoir une pens\u00e9e sp\u00e9ciale pour ces \u00ab H\u00e9ros du tremblement de terre \u00bb. Je veux me souvenir de chacun et de chacune de vous qui, dans ces moments de deuil et de d\u00e9sespoir avez pos\u00e9 le petit geste qui a sauv\u00e9 quelqu&rsquo;un d&rsquo;une mort certaine ou du d\u00e9sespoir.<\/p>\n<p>Lorsque nous prions pour les \u00e2mes de nos chers-es disparus-es, disons aussi une pri\u00e8re pour ces hommes et ces femmes qui ont d\u00e9pass\u00e9 leurs souffrances pour embrasser celles des autres. Ils-elles n&rsquo;ont pas \u00e9t\u00e9 d\u00e9cor\u00e9 et la plupart de ces samaritains-es n&rsquo;ont m\u00eame pas attendu nos remerciements. Certains d&rsquo;entre nous les ont m\u00eame oubli\u00e9s.<\/p>\n<p>Trop souvent nous laissons les souvenirs de l&rsquo;horreur l&#8217;emporter sur le reste. Trop souvent nous nous concentrons sur les t\u00e9n\u00e8bres de notre d\u00e9sespoir et ne voyons pas les petites flammes intermittentes allum\u00e9es par la charit\u00e9 et aliment\u00e9es par la compassion.<\/p>\n<p>Toi qui prends connaissance de cette livraison de notre magazine, que tu aies connu, v\u00e9cu ou non ces 35 secondes meurtri\u00e8res et destructrices ; ces longues journ\u00e9es d&rsquo;horreur \u2026 ; prends un moment pour penser \u00e0 la g\u00e9n\u00e9rosit\u00e9, l&rsquo;abn\u00e9gation et au courage de ces h\u00e9ros qui, le 12 janvier 2010, ont, en tendant la main, redonn\u00e9 un sens \u00e0 une vie!<\/p>\n","protected":false},"excerpt":{"rendered":"<p>Chaque personne, qu&rsquo;elle ait \u00e9t\u00e9 ou non pr\u00e9sente \u00e0 Port-au-Prince le 12 janvier 2010, a une histoire \u00e0 raconter autour de cet \u00e9v\u00e9nement qui a chang\u00e9 nos vies et nos habitudes. Chacun\/e a v\u00e9cu son propre \u00ab\u00a012 janvier\u00a0\u00bb., Moi je garde un souvenir tr\u00e8s flou des secousses telluriques et du chaos qui s&rsquo;en est suivi. [&hellip;]<\/p>\n","protected":false},"author":1,"featured_media":0,"comment_status":"open","ping_status":"open","sticky":false,"template":"","format":"standard","meta":{"footnotes":""},"categories":[1],"tags":[],"class_list":["post-116","post","type-post","status-publish","format-standard","hentry","category-editorial"],"_links":{"self":[{"href":"https:\/\/communication-caritashaiti.org\/index.php?rest_route=\/wp\/v2\/posts\/116","targetHints":{"allow":["GET"]}}],"collection":[{"href":"https:\/\/communication-caritashaiti.org\/index.php?rest_route=\/wp\/v2\/posts"}],"about":[{"href":"https:\/\/communication-caritashaiti.org\/index.php?rest_route=\/wp\/v2\/types\/post"}],"author":[{"embeddable":true,"href":"https:\/\/communication-caritashaiti.org\/index.php?rest_route=\/wp\/v2\/users\/1"}],"replies":[{"embeddable":true,"href":"https:\/\/communication-caritashaiti.org\/index.php?rest_route=%2Fwp%2Fv2%2Fcomments&post=116"}],"version-history":[{"count":1,"href":"https:\/\/communication-caritashaiti.org\/index.php?rest_route=\/wp\/v2\/posts\/116\/revisions"}],"predecessor-version":[{"id":118,"href":"https:\/\/communication-caritashaiti.org\/index.php?rest_route=\/wp\/v2\/posts\/116\/revisions\/118"}],"wp:attachment":[{"href":"https:\/\/communication-caritashaiti.org\/index.php?rest_route=%2Fwp%2Fv2%2Fmedia&parent=116"}],"wp:term":[{"taxonomy":"category","embeddable":true,"href":"https:\/\/communication-caritashaiti.org\/index.php?rest_route=%2Fwp%2Fv2%2Fcategories&post=116"},{"taxonomy":"post_tag","embeddable":true,"href":"https:\/\/communication-caritashaiti.org\/index.php?rest_route=%2Fwp%2Fv2%2Ftags&post=116"}],"curies":[{"name":"wp","href":"https:\/\/api.w.org\/{rel}","templated":true}]}}