{"id":104,"date":"2013-03-13T13:53:01","date_gmt":"2013-03-13T13:53:01","guid":{"rendered":"http:\/\/communication-caritashaiti.org\/?p=104"},"modified":"2013-03-13T13:53:01","modified_gmt":"2013-03-13T13:53:01","slug":"larchidiocese-de-port-au-prince-et-caritas-allemagne-ensemble-pour-leogane-2","status":"publish","type":"post","link":"https:\/\/communication-caritashaiti.org\/?p=104","title":{"rendered":"L&rsquo;archidioc\u00e8se de Port-au-Prince et Caritas Allemagne, ensemble pour L\u00e9og\u00e2ne"},"content":{"rendered":"<p><strong><\/p>\n<div id=\"attachment_105\" style=\"width: 310px\" class=\"wp-caption alignright\"><a href=\"http:\/\/communication-caritashaiti.org\/wp-content\/uploads\/2013\/03\/inauguration_centre.jpg\"><img loading=\"lazy\" decoding=\"async\" aria-describedby=\"caption-attachment-105\" class=\"size-medium wp-image-105\" title=\"inauguration_centre\" src=\"http:\/\/communication-caritashaiti.org\/wp-content\/uploads\/2013\/03\/inauguration_centre-300x272.jpg\" alt=\"\" width=\"300\" height=\"272\" srcset=\"https:\/\/communication-caritashaiti.org\/wp-content\/uploads\/2013\/03\/inauguration_centre-300x272.jpg 300w, https:\/\/communication-caritashaiti.org\/wp-content\/uploads\/2013\/03\/inauguration_centre-1024x929.jpg 1024w, https:\/\/communication-caritashaiti.org\/wp-content\/uploads\/2013\/03\/inauguration_centre.jpg 1440w\" sizes=\"auto, (max-width: 300px) 100vw, 300px\" \/><\/a><p id=\"caption-attachment-105\" class=\"wp-caption-text\">Mgr. Guire Poulard - Archev\u00eaque de Port-au-Prince<\/p><\/div>\n<p>L&rsquo;archidioc\u00e8se de Port-au-Prince et Caritas Allemagne pr\u00e9parent des mains-d&rsquo;\u0153uvre pour la reconstruction du pays. Coup de projecteur sur une \u00e9cole professionnelle implant\u00e9e \u00e0 L\u00e9og\u00e2ne, \u00e9picentre du s\u00e9isme qui a ravag\u00e9 certaines villes des d\u00e9partements de l&rsquo;Ouest du Sud-est.<\/strong><\/p>\n<p>L&rsquo;Archidioc\u00e8se de Port-au-Prince et Caritas Allemagne veulent former en l&rsquo;espace de trois ans 300 jeunes techniciens au moins. Le partenariat entre les deux Institutions prend la forme d&rsquo;une \u00e9cole professionnelle: le Centre catholique de formation et de production de L\u00e9og\u00e2ne (CCPFL). Au cours d&rsquo;une messe qu&rsquo;il a pr\u00e9sid\u00e9e, son Excellence Mgr. Guire Poulard, Archev\u00eaque M\u00e9tropolitain de Port-au-Prince, a inaugur\u00e9 la mission de la nouvelle \u00e9quipe qui administre cette \u00c9cole. C&rsquo;\u00e9tait le 3 novembre dernier.<\/p>\n<p>Cette \u00e9cole professionnelle implant\u00e9e \u00e0 Sarbousse, 5 km \u00e0 l&rsquo;Est du centre-ville de L\u00e9og\u00e2ne, est le premier du genre et assez sp\u00e9ciale. Elle offre un \u00e9ventail de 7 fili\u00e8res de formations : ma\u00e7onnerie, \u00e9b\u00e9nisterie, charpenterie, m\u00e9canique auto, m\u00e9canique-ajustage, \u00e9lectricit\u00e9 et plomberie. Ce projet est le r\u00e9sultat d&rsquo;un partenariat entre l&rsquo;Archidioc\u00e8se de Port-au-Prince et Caritas Allemagne qui financent son fonctionnement \u00e0 compter de 2012 \u00e0 hauteur de 10 % et 90 % respectivement pour les deux prochaines ann\u00e9es,.<\/p>\n<p>80 jeunes ont \u00e9t\u00e9 accueillis en 2011 \u00e0 cette institution dont le nouveau Directeur G\u00e9n\u00e9ral est le R\u00e9v\u00e9rend P\u00e8re Louis Gabriel Blot, cur\u00e9 de Saint Andr\u00e9 (Dufort\/L\u00e9og\u00e2ne). Il succ\u00e8de au P\u00e8re Fito Randel. Pour l&rsquo;ann\u00e9e acad\u00e9mique 2012- 2013, 106 autres \u00e9tudiants y sont admis. Les 7 domaines de formation s&rsquo;\u00e9talent sur 2 ou 3 ans selon les options prises par les futurs dipl\u00f4m\u00e9s. Leur formation sera sanctionn\u00e9e par un brevet ou un dipl\u00f4me technique.<\/p>\n<p>LA PIERRE DE L&rsquo;EGLISE CATHOLIQUE<\/p>\n<p>\u00ab Une ouverture se montre, un vide socioprofessionnel vient d&rsquo;\u00eatre combl\u00e9 \u00bb, s&rsquo;enthousiasme le P\u00e8re Blot pour qui le CCFPL est l&rsquo;un des plus grands projets r\u00e9alis\u00e9s dans la commune de L\u00e9og\u00e2ne. \u00ab Apr\u00e8s le s\u00e9isme, une carence d&rsquo;ouvriers et de techniciens r\u00e9ellement qualifi\u00e9s dans le milieu a \u00e9t\u00e9 constat\u00e9. Je crois que le centre arrivera \u00e0 combler ce vide. C&rsquo;est une chance pour L\u00e9og\u00e2ne en particulier et pour le pays en g\u00e9n\u00e9ral, a-t-il ench\u00e9rit. C&rsquo;est la pierre de l&rsquo;Eglise catholique \u00e0 la reconstruction dans la r\u00e9gion. \u00bb<\/p>\n<p>Le Centre est une institution catholique; le projet qu&rsquo;il met en fonction, selon son Directeur, gardera les orientations catholiques et chr\u00e9tiennes de d\u00e9part. L&rsquo;\u00c9glise lie son avenir avec celui du pays.<\/p>\n<p>La satisfaction des b\u00e9n\u00e9ficiaires de cette \u00e9cole est grande dans la commune de L\u00e9og\u00e2ne, quasiment d\u00e9truite lors du s\u00e9isme de 2010. Pour \u00eatre admis au CCFPL, apr\u00e8s un concours priorisant l&rsquo;excellence, le postulant doit \u00eatre r\u00e9f\u00e9r\u00e9 par un pr\u00eatre. D&rsquo;ici 2014 la cit\u00e9 d&rsquo;Anacaona et donc Ha\u00efti, pourra pourvoir le march\u00e9 de la reconstruction des infrastructures en ressources humaines techniques bien pr\u00e9par\u00e9es.<\/p>\n","protected":false},"excerpt":{"rendered":"<p>L&rsquo;archidioc\u00e8se de Port-au-Prince et Caritas Allemagne pr\u00e9parent des mains-d&rsquo;\u0153uvre pour la reconstruction du pays. Coup de projecteur sur une \u00e9cole professionnelle implant\u00e9e \u00e0 L\u00e9og\u00e2ne, \u00e9picentre du s\u00e9isme qui a ravag\u00e9 certaines villes des d\u00e9partements de l&rsquo;Ouest du Sud-est. L&rsquo;Archidioc\u00e8se de Port-au-Prince et Caritas Allemagne veulent former en l&rsquo;espace de trois ans 300 jeunes techniciens au [&hellip;]<\/p>\n","protected":false},"author":1,"featured_media":0,"comment_status":"open","ping_status":"open","sticky":false,"template":"","format":"standard","meta":{"footnotes":""},"categories":[4],"tags":[],"class_list":["post-104","post","type-post","status-publish","format-standard","hentry","category-evenement"],"_links":{"self":[{"href":"https:\/\/communication-caritashaiti.org\/index.php?rest_route=\/wp\/v2\/posts\/104","targetHints":{"allow":["GET"]}}],"collection":[{"href":"https:\/\/communication-caritashaiti.org\/index.php?rest_route=\/wp\/v2\/posts"}],"about":[{"href":"https:\/\/communication-caritashaiti.org\/index.php?rest_route=\/wp\/v2\/types\/post"}],"author":[{"embeddable":true,"href":"https:\/\/communication-caritashaiti.org\/index.php?rest_route=\/wp\/v2\/users\/1"}],"replies":[{"embeddable":true,"href":"https:\/\/communication-caritashaiti.org\/index.php?rest_route=%2Fwp%2Fv2%2Fcomments&post=104"}],"version-history":[{"count":2,"href":"https:\/\/communication-caritashaiti.org\/index.php?rest_route=\/wp\/v2\/posts\/104\/revisions"}],"predecessor-version":[{"id":107,"href":"https:\/\/communication-caritashaiti.org\/index.php?rest_route=\/wp\/v2\/posts\/104\/revisions\/107"}],"wp:attachment":[{"href":"https:\/\/communication-caritashaiti.org\/index.php?rest_route=%2Fwp%2Fv2%2Fmedia&parent=104"}],"wp:term":[{"taxonomy":"category","embeddable":true,"href":"https:\/\/communication-caritashaiti.org\/index.php?rest_route=%2Fwp%2Fv2%2Fcategories&post=104"},{"taxonomy":"post_tag","embeddable":true,"href":"https:\/\/communication-caritashaiti.org\/index.php?rest_route=%2Fwp%2Fv2%2Ftags&post=104"}],"curies":[{"name":"wp","href":"https:\/\/api.w.org\/{rel}","templated":true}]}}